{"id":7763,"date":"2026-04-29T08:30:08","date_gmt":"2026-04-29T08:30:08","guid":{"rendered":"https:\/\/presspart.com\/?p=7763"},"modified":"2026-04-29T08:34:14","modified_gmt":"2026-04-29T08:34:14","slug":"bio-international-convention-2026","status":"publish","type":"post","link":"https:\/\/presspart.com\/de\/bio-international-convention-2026\/","title":{"rendered":"BIO International Convention 2026"},"content":{"rendered":"\n<p>H&amp;T Presspart freut sich bekannt zu geben, dass wir auf der diesj\u00e4hrigen BIO International Convention vertreten sein werden, die vom 22. bis 25. Juni 2026 in San Diego stattfindet. Nach der Akquisition von Plas-Tech Engineering Ende letzten Jahres, werden wir dort zum ersten Mal gemeinsam ausstellen.<\/p>\n\n\n\n<p>Besuchen Sie unsern gemeinsamen Stand 4856, um mehr \u00fcber unsere umfassenden Dienstleistungen im Bereich der Entwicklung und Herstellung von Medizinprodukten zu erfahren. Wir sind stolz darauf, eine Vielzahl von <a href=\"https:\/\/presspart.com\/de\/therapiegebiete\/\">M\u00e4rkten<\/a> zu bedienen, darunter Inhalations-, parenterale, okul\u00e4re und diagnostische Anwendungen.<\/p>\n\n\n\n<p>Unsere <a href=\"https:\/\/presspart.com\/de\/dienstleistungen\/\">End-to-End-F\u00e4higkeiten<\/a> umfassen:<\/p>\n\n\n\n<p>\u2022&nbsp;&nbsp;&nbsp; Ger\u00e4teentwicklung<\/p>\n\n\n\n<p>\u2022&nbsp;&nbsp;&nbsp; Unterst\u00fctzung bei Kleinserien und Pilotphasen<\/p>\n\n\n\n<p>\u2022&nbsp;&nbsp;&nbsp; Skalierung und Industrialisierung<\/p>\n\n\n\n<p>\u2022&nbsp;&nbsp;&nbsp; Hochpr\u00e4zise Fertigung und Montage<\/p>\n\n\n\n<p>\u2022&nbsp;&nbsp;&nbsp; Analytische Dienstleistungen<\/p>\n\n\n\n<p>\u2022&nbsp;&nbsp;&nbsp; Entwicklung intelligenter L\u00f6sungen zur Medikamentenverabreichung<\/p>\n\n\n\n<p>Ein besonderes Highlight wird <a href=\"https:\/\/presspart.com\/de\/vytal-rtu-snap-fit-closure\/\">Vytal\u00ae<\/a> sein \u2013 unser innovativer, gebrauchsfertiger Schnappverschluss f\u00fcr Fl\u00e4schchen. Vytal\u00ae wurde speziell f\u00fcr die Produktion kleiner bis mittlerer Chargen fortschrittlicher Therapeutika wie Biologika, viraler Vektoren, mRNA, Antik\u00f6rper-Wirkstoff-Konjugate, Zell- und Gentherapien sowie Arzneimittel f\u00fcr seltene Krankheiten entwickelt.<\/p>\n\n\n\n<p>Dar\u00fcber hinaus pr\u00e4sentieren wir das gesamte Sortiment an vorf\u00fcllbaren Spritzen von Plas-Tech, die Pr\u00e4zisionstechnik mit Materialflexibilit\u00e4t verbinden, um empfindliche Biologika sicher zu verabreichen, und sowohl hochviskose als auch kleinvolumige Formulierungen mit skalierbaren Fertigungsl\u00f6sungen unterst\u00fctzen.<\/p>\n\n\n<div class=\"wp-block-image\">\n<figure class=\"aligncenter size-full\"><img loading=\"lazy\" decoding=\"async\" width=\"675\" height=\"542\" src=\"https:\/\/presspart.com\/wp-content\/uploads\/2026\/04\/image.jpg\" alt=\"\" class=\"wp-image-7757\" srcset=\"https:\/\/presspart.com\/wp-content\/uploads\/2026\/04\/image.jpg 675w, https:\/\/presspart.com\/wp-content\/uploads\/2026\/04\/image-300x241.jpg 300w\" sizes=\"auto, (max-width: 675px) 100vw, 675px\" \/><\/figure>\n<\/div>\n\n\n<p>Die BIO International Convention ist die weltweit gr\u00f6\u00dfte und umfassendste Veranstaltung im Bereich Biotechnologie, auf der das gesamte Biotech-\u00d6kosystem mit 20.000 Branchenf\u00fchrern aus aller Welt zusammenkommt.<\/p>\n\n\n\n<p>Wenn Sie an der Veranstaltung teilnehmen und mehr \u00fcber Vytal\u00ae und die <a href=\"http:\/\/www.plastechengineering.com\/\">Equinox\u00ae<\/a>-Produktreihe vorf\u00fcllbarer L\u00f6sungen erfahren m\u00f6chten, wenden Sie sich bitte an unser Team, um einen <a href=\"https:\/\/presspart.com\/de\/kontakt\/\">Termin zu vereinbaren<\/a>!<\/p>\n","protected":false},"excerpt":{"rendered":"<p>H&amp;T Presspart freut sich bekannt zu geben, dass wir auf der diesj\u00e4hrigen BIO International Convention vertreten sein werden, die vom 22. bis 25. Juni 2026 in San Diego stattfindet. Nach der Akquisition&#8230;<\/p>\n","protected":false},"author":1,"featured_media":0,"comment_status":"closed","ping_status":"open","sticky":false,"template":"","format":"standard","meta":{"_acf_changed":false,"footnotes":""},"categories":[8],"tags":[],"class_list":["post-7763","post","type-post","status-publish","format-standard","hentry","category-events-de"],"acf":[],"yoast_head":"<!-- This site is optimized with the Yoast SEO plugin v27.0 - https:\/\/yoast.com\/product\/yoast-seo-wordpress\/ -->\n<title>BIO International Convention 2026 - H&amp;T Presspart<\/title>\n<meta name=\"description\" content=\"H&amp;T Presspart wird auf der diesj\u00e4hrigen BIO International Convention, die vom 22. bis 25.06.2026 in San Diego stattfindet, vertreten sein.\" \/>\n<meta name=\"robots\" content=\"index, follow, max-snippet:-1, max-image-preview:large, max-video-preview:-1\" \/>\n<link rel=\"canonical\" href=\"https:\/\/presspart.com\/de\/bio-international-convention-2026\/\" \/>\n<meta property=\"og:locale\" content=\"de_DE\" \/>\n<meta property=\"og:type\" content=\"article\" \/>\n<meta property=\"og:title\" content=\"BIO International Convention 2026 - H&amp;T Presspart\" \/>\n<meta property=\"og:description\" content=\"H&amp;T Presspart wird auf der diesj\u00e4hrigen BIO International Convention, die vom 22. bis 25.06.2026 in San Diego stattfindet, vertreten sein.\" \/>\n<meta property=\"og:url\" content=\"https:\/\/presspart.com\/de\/bio-international-convention-2026\/\" \/>\n<meta property=\"og:site_name\" content=\"H&amp;T Presspart\" \/>\n<meta property=\"article:published_time\" content=\"2026-04-29T08:30:08+00:00\" \/>\n<meta property=\"article:modified_time\" content=\"2026-04-29T08:34:14+00:00\" \/>\n<meta property=\"og:image\" content=\"https:\/\/presspart.com\/wp-content\/uploads\/2026\/04\/image.jpg\" \/>\n\t<meta property=\"og:image:width\" content=\"675\" \/>\n\t<meta property=\"og:image:height\" content=\"542\" \/>\n\t<meta property=\"og:image:type\" content=\"image\/jpeg\" \/>\n<meta name=\"author\" content=\"presspart\" \/>\n<meta name=\"twitter:card\" content=\"summary_large_image\" \/>\n<meta name=\"twitter:label1\" content=\"Verfasst von\" \/>\n\t<meta name=\"twitter:data1\" content=\"presspart\" \/>\n\t<meta name=\"twitter:label2\" content=\"Gesch\u00e4tzte Lesezeit\" \/>\n\t<meta name=\"twitter:data2\" content=\"2\u00a0Minuten\" \/>\n<script type=\"application\/ld+json\" class=\"yoast-schema-graph\">{\"@context\":\"https:\/\/schema.org\",\"@graph\":[{\"@type\":\"Article\",\"@id\":\"https:\/\/presspart.com\/de\/bio-international-convention-2026\/#article\",\"isPartOf\":{\"@id\":\"https:\/\/presspart.com\/de\/bio-international-convention-2026\/\"},\"author\":{\"name\":\"presspart\",\"@id\":\"https:\/\/presspart.com\/de\/#\/schema\/person\/ea6faba4b50e03fce829becbe473e66f\"},\"headline\":\"BIO International Convention 2026\",\"datePublished\":\"2026-04-29T08:30:08+00:00\",\"dateModified\":\"2026-04-29T08:34:14+00:00\",\"mainEntityOfPage\":{\"@id\":\"https:\/\/presspart.com\/de\/bio-international-convention-2026\/\"},\"wordCount\":281,\"image\":{\"@id\":\"https:\/\/presspart.com\/de\/bio-international-convention-2026\/#primaryimage\"},\"thumbnailUrl\":\"https:\/\/presspart.com\/wp-content\/uploads\/2026\/04\/image.jpg\",\"articleSection\":[\"Veranstaltungen\"],\"inLanguage\":\"de\"},{\"@type\":\"WebPage\",\"@id\":\"https:\/\/presspart.com\/de\/bio-international-convention-2026\/\",\"url\":\"https:\/\/presspart.com\/de\/bio-international-convention-2026\/\",\"name\":\"BIO International Convention 2026 - H&amp;T Presspart\",\"isPartOf\":{\"@id\":\"https:\/\/presspart.com\/de\/#website\"},\"primaryImageOfPage\":{\"@id\":\"https:\/\/presspart.com\/de\/bio-international-convention-2026\/#primaryimage\"},\"image\":{\"@id\":\"https:\/\/presspart.com\/de\/bio-international-convention-2026\/#primaryimage\"},\"thumbnailUrl\":\"https:\/\/presspart.com\/wp-content\/uploads\/2026\/04\/image.jpg\",\"datePublished\":\"2026-04-29T08:30:08+00:00\",\"dateModified\":\"2026-04-29T08:34:14+00:00\",\"author\":{\"@id\":\"https:\/\/presspart.com\/de\/#\/schema\/person\/ea6faba4b50e03fce829becbe473e66f\"},\"description\":\"H&T Presspart wird auf der diesj\u00e4hrigen BIO International Convention, die vom 22. bis 25.06.2026 in San Diego stattfindet, vertreten sein.\",\"breadcrumb\":{\"@id\":\"https:\/\/presspart.com\/de\/bio-international-convention-2026\/#breadcrumb\"},\"inLanguage\":\"de\",\"potentialAction\":[{\"@type\":\"ReadAction\",\"target\":[\"https:\/\/presspart.com\/de\/bio-international-convention-2026\/\"]}]},{\"@type\":\"ImageObject\",\"inLanguage\":\"de\",\"@id\":\"https:\/\/presspart.com\/de\/bio-international-convention-2026\/#primaryimage\",\"url\":\"https:\/\/presspart.com\/wp-content\/uploads\/2026\/04\/image.jpg\",\"contentUrl\":\"https:\/\/presspart.com\/wp-content\/uploads\/2026\/04\/image.jpg\"},{\"@type\":\"BreadcrumbList\",\"@id\":\"https:\/\/presspart.com\/de\/bio-international-convention-2026\/#breadcrumb\",\"itemListElement\":[{\"@type\":\"ListItem\",\"position\":1,\"name\":\"Home\",\"item\":\"https:\/\/presspart.com\/de\/\"},{\"@type\":\"ListItem\",\"position\":2,\"name\":\"BIO International Convention 2026\"}]},{\"@type\":\"WebSite\",\"@id\":\"https:\/\/presspart.com\/de\/#website\",\"url\":\"https:\/\/presspart.com\/de\/\",\"name\":\"H&amp;T Presspart\",\"description\":\"\",\"potentialAction\":[{\"@type\":\"SearchAction\",\"target\":{\"@type\":\"EntryPoint\",\"urlTemplate\":\"https:\/\/presspart.com\/de\/?s={search_term_string}\"},\"query-input\":{\"@type\":\"PropertyValueSpecification\",\"valueRequired\":true,\"valueName\":\"search_term_string\"}}],\"inLanguage\":\"de\"},{\"@type\":\"Person\",\"@id\":\"https:\/\/presspart.com\/de\/#\/schema\/person\/ea6faba4b50e03fce829becbe473e66f\",\"name\":\"presspart\",\"image\":{\"@type\":\"ImageObject\",\"inLanguage\":\"de\",\"@id\":\"https:\/\/presspart.com\/de\/#\/schema\/person\/image\/\",\"url\":\"https:\/\/secure.gravatar.com\/avatar\/f132ba1b1a5a3d6f3cb6529cef071eedff6082ffed6f37fb7fbbf8dde5dedb6e?s=96&d=mm&r=g\",\"contentUrl\":\"https:\/\/secure.gravatar.com\/avatar\/f132ba1b1a5a3d6f3cb6529cef071eedff6082ffed6f37fb7fbbf8dde5dedb6e?s=96&d=mm&r=g\",\"caption\":\"presspart\"},\"sameAs\":[\"http:\/\/presspart.local\"],\"url\":\"https:\/\/presspart.com\/de\/author\/presspart\/\"}]}<\/script>\n<!-- \/ Yoast SEO plugin. -->","yoast_head_json":{"title":"BIO International Convention 2026 - H&amp;T Presspart","description":"H&T Presspart wird auf der diesj\u00e4hrigen BIO International Convention, die vom 22. bis 25.06.2026 in San Diego stattfindet, vertreten sein.","robots":{"index":"index","follow":"follow","max-snippet":"max-snippet:-1","max-image-preview":"max-image-preview:large","max-video-preview":"max-video-preview:-1"},"canonical":"https:\/\/presspart.com\/de\/bio-international-convention-2026\/","og_locale":"de_DE","og_type":"article","og_title":"BIO International Convention 2026 - H&amp;T Presspart","og_description":"H&T Presspart wird auf der diesj\u00e4hrigen BIO International Convention, die vom 22. bis 25.06.2026 in San Diego stattfindet, vertreten sein.","og_url":"https:\/\/presspart.com\/de\/bio-international-convention-2026\/","og_site_name":"H&amp;T Presspart","article_published_time":"2026-04-29T08:30:08+00:00","article_modified_time":"2026-04-29T08:34:14+00:00","og_image":[{"width":675,"height":542,"url":"https:\/\/presspart.com\/wp-content\/uploads\/2026\/04\/image.jpg","type":"image\/jpeg"}],"author":"presspart","twitter_card":"summary_large_image","twitter_misc":{"Verfasst von":"presspart","Gesch\u00e4tzte Lesezeit":"2\u00a0Minuten"},"schema":{"@context":"https:\/\/schema.org","@graph":[{"@type":"Article","@id":"https:\/\/presspart.com\/de\/bio-international-convention-2026\/#article","isPartOf":{"@id":"https:\/\/presspart.com\/de\/bio-international-convention-2026\/"},"author":{"name":"presspart","@id":"https:\/\/presspart.com\/de\/#\/schema\/person\/ea6faba4b50e03fce829becbe473e66f"},"headline":"BIO International Convention 2026","datePublished":"2026-04-29T08:30:08+00:00","dateModified":"2026-04-29T08:34:14+00:00","mainEntityOfPage":{"@id":"https:\/\/presspart.com\/de\/bio-international-convention-2026\/"},"wordCount":281,"image":{"@id":"https:\/\/presspart.com\/de\/bio-international-convention-2026\/#primaryimage"},"thumbnailUrl":"https:\/\/presspart.com\/wp-content\/uploads\/2026\/04\/image.jpg","articleSection":["Veranstaltungen"],"inLanguage":"de"},{"@type":"WebPage","@id":"https:\/\/presspart.com\/de\/bio-international-convention-2026\/","url":"https:\/\/presspart.com\/de\/bio-international-convention-2026\/","name":"BIO International Convention 2026 - H&amp;T Presspart","isPartOf":{"@id":"https:\/\/presspart.com\/de\/#website"},"primaryImageOfPage":{"@id":"https:\/\/presspart.com\/de\/bio-international-convention-2026\/#primaryimage"},"image":{"@id":"https:\/\/presspart.com\/de\/bio-international-convention-2026\/#primaryimage"},"thumbnailUrl":"https:\/\/presspart.com\/wp-content\/uploads\/2026\/04\/image.jpg","datePublished":"2026-04-29T08:30:08+00:00","dateModified":"2026-04-29T08:34:14+00:00","author":{"@id":"https:\/\/presspart.com\/de\/#\/schema\/person\/ea6faba4b50e03fce829becbe473e66f"},"description":"H&T Presspart wird auf der diesj\u00e4hrigen BIO International Convention, die vom 22. bis 25.06.2026 in San Diego stattfindet, vertreten sein.","breadcrumb":{"@id":"https:\/\/presspart.com\/de\/bio-international-convention-2026\/#breadcrumb"},"inLanguage":"de","potentialAction":[{"@type":"ReadAction","target":["https:\/\/presspart.com\/de\/bio-international-convention-2026\/"]}]},{"@type":"ImageObject","inLanguage":"de","@id":"https:\/\/presspart.com\/de\/bio-international-convention-2026\/#primaryimage","url":"https:\/\/presspart.com\/wp-content\/uploads\/2026\/04\/image.jpg","contentUrl":"https:\/\/presspart.com\/wp-content\/uploads\/2026\/04\/image.jpg"},{"@type":"BreadcrumbList","@id":"https:\/\/presspart.com\/de\/bio-international-convention-2026\/#breadcrumb","itemListElement":[{"@type":"ListItem","position":1,"name":"Home","item":"https:\/\/presspart.com\/de\/"},{"@type":"ListItem","position":2,"name":"BIO International Convention 2026"}]},{"@type":"WebSite","@id":"https:\/\/presspart.com\/de\/#website","url":"https:\/\/presspart.com\/de\/","name":"H&amp;T Presspart","description":"","potentialAction":[{"@type":"SearchAction","target":{"@type":"EntryPoint","urlTemplate":"https:\/\/presspart.com\/de\/?s={search_term_string}"},"query-input":{"@type":"PropertyValueSpecification","valueRequired":true,"valueName":"search_term_string"}}],"inLanguage":"de"},{"@type":"Person","@id":"https:\/\/presspart.com\/de\/#\/schema\/person\/ea6faba4b50e03fce829becbe473e66f","name":"presspart","image":{"@type":"ImageObject","inLanguage":"de","@id":"https:\/\/presspart.com\/de\/#\/schema\/person\/image\/","url":"https:\/\/secure.gravatar.com\/avatar\/f132ba1b1a5a3d6f3cb6529cef071eedff6082ffed6f37fb7fbbf8dde5dedb6e?s=96&d=mm&r=g","contentUrl":"https:\/\/secure.gravatar.com\/avatar\/f132ba1b1a5a3d6f3cb6529cef071eedff6082ffed6f37fb7fbbf8dde5dedb6e?s=96&d=mm&r=g","caption":"presspart"},"sameAs":["http:\/\/presspart.local"],"url":"https:\/\/presspart.com\/de\/author\/presspart\/"}]}},"_links":{"self":[{"href":"https:\/\/presspart.com\/de\/wp-json\/wp\/v2\/posts\/7763","targetHints":{"allow":["GET"]}}],"collection":[{"href":"https:\/\/presspart.com\/de\/wp-json\/wp\/v2\/posts"}],"about":[{"href":"https:\/\/presspart.com\/de\/wp-json\/wp\/v2\/types\/post"}],"author":[{"embeddable":true,"href":"https:\/\/presspart.com\/de\/wp-json\/wp\/v2\/users\/1"}],"replies":[{"embeddable":true,"href":"https:\/\/presspart.com\/de\/wp-json\/wp\/v2\/comments?post=7763"}],"version-history":[{"count":1,"href":"https:\/\/presspart.com\/de\/wp-json\/wp\/v2\/posts\/7763\/revisions"}],"predecessor-version":[{"id":7764,"href":"https:\/\/presspart.com\/de\/wp-json\/wp\/v2\/posts\/7763\/revisions\/7764"}],"wp:attachment":[{"href":"https:\/\/presspart.com\/de\/wp-json\/wp\/v2\/media?parent=7763"}],"wp:term":[{"taxonomy":"category","embeddable":true,"href":"https:\/\/presspart.com\/de\/wp-json\/wp\/v2\/categories?post=7763"},{"taxonomy":"post_tag","embeddable":true,"href":"https:\/\/presspart.com\/de\/wp-json\/wp\/v2\/tags?post=7763"}],"curies":[{"name":"wp","href":"https:\/\/api.w.org\/{rel}","templated":true}]}}