{"id":7765,"date":"2026-04-29T08:30:08","date_gmt":"2026-04-29T08:30:08","guid":{"rendered":"https:\/\/presspart.com\/?p=7765"},"modified":"2026-04-29T08:37:11","modified_gmt":"2026-04-29T08:37:11","slug":"bio-international-convention-2026","status":"publish","type":"post","link":"https:\/\/presspart.com\/es\/bio-international-convention-2026\/","title":{"rendered":"BIO International Convention 2026"},"content":{"rendered":"\n<p>H&amp;T Presspart se complace en anunciar su participaci\u00f3n como expositor en la Convenci\u00f3n Internacional BIO de este a\u00f1o, que tendr\u00e1 lugar en San Diego del 22 al 25 de junio de 2026. Tras la adquisici\u00f3n de Plas-Tech Engineering a finales del a\u00f1o pasado, expondremos juntos por primera vez.<\/p>\n\n\n\n<p>Vis\u00edtenos en el stand 4856 para obtener m\u00e1s informaci\u00f3n sobre nuestro servicio integral de desarrollo y fabricaci\u00f3n de dispositivos para la administraci\u00f3n de f\u00e1rmacos. Nos enorgullece brindar soporte a una amplia gama de mercados, incluyendo aplicaciones de inhalaci\u00f3n, parenterales, oft\u00e1lmicas y de diagn\u00f3stico.<\/p>\n\n\n\n<p>Nuestras capacidades integrales de <a href=\"https:\/\/presspart.com\/es\/servicios\/\">servicios de dise\u00f1o e industrializaci\u00f3n<\/a> de dispositivos incluyen:<\/p>\n\n\n\n<ul class=\"wp-block-list\">\n<li>Desarrollo de dispositivos<\/li>\n\n\n\n<li>Soporte para series peque\u00f1as y fases piloto<\/li>\n\n\n\n<li>Ampliaci\u00f3n de escala e industrializaci\u00f3n<\/li>\n\n\n\n<li>Fabricaci\u00f3n y ensamblaje de alta precisi\u00f3n<\/li>\n\n\n\n<li>Servicios anal\u00edticos<\/li>\n\n\n\n<li>Desarrollo de soluciones inteligentes para la administraci\u00f3n de f\u00e1rmacos<\/li>\n<\/ul>\n\n\n\n<p>Un elemento destacado ser\u00e1 <a href=\"https:\/\/presspart.com\/es\/vytal-rtu-snap-fit-closure\/\">Vytal\u00ae<\/a>, nuestro innovador cierre de vial de ajuste a presi\u00f3n, listo para usar. Vytal\u00ae est\u00e1 dise\u00f1ado espec\u00edficamente para la producci\u00f3n en lotes peque\u00f1os y medianos de terapias avanzadas como productos biol\u00f3gicos, vectores virales, ARNm, conjugados anticuerpo-f\u00e1rmaco, terapias celulares y g\u00e9nicas, y medicamentos hu\u00e9rfanos.<\/p>\n\n\n\n<p>Adem\u00e1s, presentaremos la gama completa de jeringas precargables de Plas-Tech, que combinan ingenier\u00eda de precisi\u00f3n con flexibilidad de materiales para administrar de forma segura productos biol\u00f3gicos sensibles, compatibles con formulaciones de alta viscosidad y de peque\u00f1o volumen, con soluciones de fabricaci\u00f3n escalables.<\/p>\n\n\n<div class=\"wp-block-image\">\n<figure class=\"aligncenter size-full\"><img loading=\"lazy\" decoding=\"async\" width=\"675\" height=\"542\" src=\"https:\/\/presspart.com\/wp-content\/uploads\/2026\/04\/image.jpg\" alt=\"\" class=\"wp-image-7758\" srcset=\"https:\/\/presspart.com\/wp-content\/uploads\/2026\/04\/image.jpg 675w, https:\/\/presspart.com\/wp-content\/uploads\/2026\/04\/image-300x241.jpg 300w\" sizes=\"auto, (max-width: 675px) 100vw, 675px\" \/><\/figure>\n<\/div>\n\n\n<p>La Convenci\u00f3n Internacional BIO es el evento de biotecnolog\u00eda m\u00e1s grande y completo del mundo, que re\u00fane a todo el ecosistema biotecnol\u00f3gico con 20.000 l\u00edderes de la industria de todo el planeta.<\/p>\n\n\n\n<p>Si asiste a la conferencia y desea obtener m\u00e1s informaci\u00f3n sobre Vytal\u00ae y la gama de soluciones precargables Equinox\u00ae, \u00a1p\u00f3ngase en <a href=\"https:\/\/presspart.com\/es\/contacto\/\">contacto<\/a> con nuestro equipo para programar una reuni\u00f3n!<\/p>\n","protected":false},"excerpt":{"rendered":"<p>H&amp;T Presspart se complace en anunciar su participaci\u00f3n como expositor en la Convenci\u00f3n Internacional BIO de este a\u00f1o, que tendr\u00e1 lugar en San Diego del 22 al 25 de junio de 2026&#8230;.<\/p>\n","protected":false},"author":1,"featured_media":0,"comment_status":"closed","ping_status":"open","sticky":false,"template":"","format":"standard","meta":{"_acf_changed":false,"footnotes":""},"categories":[7],"tags":[],"class_list":["post-7765","post","type-post","status-publish","format-standard","hentry","category-events-es"],"acf":[],"yoast_head":"<!-- This site is optimized with the Yoast SEO plugin v27.0 - https:\/\/yoast.com\/product\/yoast-seo-wordpress\/ -->\n<title>BIO International Convention 2026 - H&amp;T Presspart<\/title>\n<meta name=\"description\" content=\"H&amp;T Presspart expondr\u00e1 en la Convenci\u00f3n Internacional BIO, que tendr\u00e1 lugar en San Diego del 22 al 25 de junio de 2026.\" \/>\n<meta name=\"robots\" content=\"index, follow, max-snippet:-1, max-image-preview:large, max-video-preview:-1\" \/>\n<link rel=\"canonical\" href=\"https:\/\/presspart.com\/es\/bio-international-convention-2026\/\" \/>\n<meta property=\"og:locale\" content=\"es_ES\" \/>\n<meta property=\"og:type\" content=\"article\" \/>\n<meta property=\"og:title\" content=\"BIO International Convention 2026 - H&amp;T Presspart\" \/>\n<meta property=\"og:description\" content=\"H&amp;T Presspart expondr\u00e1 en la Convenci\u00f3n Internacional BIO, que tendr\u00e1 lugar en San Diego del 22 al 25 de junio de 2026.\" \/>\n<meta property=\"og:url\" content=\"https:\/\/presspart.com\/es\/bio-international-convention-2026\/\" \/>\n<meta property=\"og:site_name\" content=\"H&amp;T Presspart\" \/>\n<meta property=\"article:published_time\" content=\"2026-04-29T08:30:08+00:00\" \/>\n<meta property=\"article:modified_time\" content=\"2026-04-29T08:37:11+00:00\" \/>\n<meta property=\"og:image\" content=\"https:\/\/presspart.com\/wp-content\/uploads\/2026\/04\/image.jpg\" \/>\n\t<meta property=\"og:image:width\" content=\"675\" \/>\n\t<meta property=\"og:image:height\" content=\"542\" \/>\n\t<meta property=\"og:image:type\" content=\"image\/jpeg\" \/>\n<meta name=\"author\" content=\"presspart\" \/>\n<meta name=\"twitter:card\" content=\"summary_large_image\" \/>\n<meta name=\"twitter:label1\" content=\"Escrito por\" \/>\n\t<meta name=\"twitter:data1\" content=\"presspart\" \/>\n\t<meta name=\"twitter:label2\" content=\"Tiempo de lectura\" \/>\n\t<meta name=\"twitter:data2\" content=\"2 minutos\" \/>\n<script type=\"application\/ld+json\" class=\"yoast-schema-graph\">{\"@context\":\"https:\/\/schema.org\",\"@graph\":[{\"@type\":\"Article\",\"@id\":\"https:\/\/presspart.com\/es\/bio-international-convention-2026\/#article\",\"isPartOf\":{\"@id\":\"https:\/\/presspart.com\/es\/bio-international-convention-2026\/\"},\"author\":{\"name\":\"presspart\",\"@id\":\"https:\/\/presspart.com\/es\/#\/schema\/person\/ea6faba4b50e03fce829becbe473e66f\"},\"headline\":\"BIO International Convention 2026\",\"datePublished\":\"2026-04-29T08:30:08+00:00\",\"dateModified\":\"2026-04-29T08:37:11+00:00\",\"mainEntityOfPage\":{\"@id\":\"https:\/\/presspart.com\/es\/bio-international-convention-2026\/\"},\"wordCount\":334,\"image\":{\"@id\":\"https:\/\/presspart.com\/es\/bio-international-convention-2026\/#primaryimage\"},\"thumbnailUrl\":\"https:\/\/presspart.com\/wp-content\/uploads\/2026\/04\/image.jpg\",\"articleSection\":[\"Eventos\"],\"inLanguage\":\"es\"},{\"@type\":\"WebPage\",\"@id\":\"https:\/\/presspart.com\/es\/bio-international-convention-2026\/\",\"url\":\"https:\/\/presspart.com\/es\/bio-international-convention-2026\/\",\"name\":\"BIO International Convention 2026 - H&amp;T Presspart\",\"isPartOf\":{\"@id\":\"https:\/\/presspart.com\/es\/#website\"},\"primaryImageOfPage\":{\"@id\":\"https:\/\/presspart.com\/es\/bio-international-convention-2026\/#primaryimage\"},\"image\":{\"@id\":\"https:\/\/presspart.com\/es\/bio-international-convention-2026\/#primaryimage\"},\"thumbnailUrl\":\"https:\/\/presspart.com\/wp-content\/uploads\/2026\/04\/image.jpg\",\"datePublished\":\"2026-04-29T08:30:08+00:00\",\"dateModified\":\"2026-04-29T08:37:11+00:00\",\"author\":{\"@id\":\"https:\/\/presspart.com\/es\/#\/schema\/person\/ea6faba4b50e03fce829becbe473e66f\"},\"description\":\"H&T Presspart expondr\u00e1 en la Convenci\u00f3n Internacional BIO, que tendr\u00e1 lugar en San Diego del 22 al 25 de junio de 2026.\",\"breadcrumb\":{\"@id\":\"https:\/\/presspart.com\/es\/bio-international-convention-2026\/#breadcrumb\"},\"inLanguage\":\"es\",\"potentialAction\":[{\"@type\":\"ReadAction\",\"target\":[\"https:\/\/presspart.com\/es\/bio-international-convention-2026\/\"]}]},{\"@type\":\"ImageObject\",\"inLanguage\":\"es\",\"@id\":\"https:\/\/presspart.com\/es\/bio-international-convention-2026\/#primaryimage\",\"url\":\"https:\/\/presspart.com\/wp-content\/uploads\/2026\/04\/image.jpg\",\"contentUrl\":\"https:\/\/presspart.com\/wp-content\/uploads\/2026\/04\/image.jpg\"},{\"@type\":\"BreadcrumbList\",\"@id\":\"https:\/\/presspart.com\/es\/bio-international-convention-2026\/#breadcrumb\",\"itemListElement\":[{\"@type\":\"ListItem\",\"position\":1,\"name\":\"Home\",\"item\":\"https:\/\/presspart.com\/es\/\"},{\"@type\":\"ListItem\",\"position\":2,\"name\":\"BIO International Convention 2026\"}]},{\"@type\":\"WebSite\",\"@id\":\"https:\/\/presspart.com\/es\/#website\",\"url\":\"https:\/\/presspart.com\/es\/\",\"name\":\"H&amp;T Presspart\",\"description\":\"\",\"potentialAction\":[{\"@type\":\"SearchAction\",\"target\":{\"@type\":\"EntryPoint\",\"urlTemplate\":\"https:\/\/presspart.com\/es\/?s={search_term_string}\"},\"query-input\":{\"@type\":\"PropertyValueSpecification\",\"valueRequired\":true,\"valueName\":\"search_term_string\"}}],\"inLanguage\":\"es\"},{\"@type\":\"Person\",\"@id\":\"https:\/\/presspart.com\/es\/#\/schema\/person\/ea6faba4b50e03fce829becbe473e66f\",\"name\":\"presspart\",\"image\":{\"@type\":\"ImageObject\",\"inLanguage\":\"es\",\"@id\":\"https:\/\/presspart.com\/es\/#\/schema\/person\/image\/\",\"url\":\"https:\/\/secure.gravatar.com\/avatar\/f132ba1b1a5a3d6f3cb6529cef071eedff6082ffed6f37fb7fbbf8dde5dedb6e?s=96&d=mm&r=g\",\"contentUrl\":\"https:\/\/secure.gravatar.com\/avatar\/f132ba1b1a5a3d6f3cb6529cef071eedff6082ffed6f37fb7fbbf8dde5dedb6e?s=96&d=mm&r=g\",\"caption\":\"presspart\"},\"sameAs\":[\"http:\/\/presspart.local\"],\"url\":\"https:\/\/presspart.com\/es\/author\/presspart\/\"}]}<\/script>\n<!-- \/ Yoast SEO plugin. -->","yoast_head_json":{"title":"BIO International Convention 2026 - H&amp;T Presspart","description":"H&T Presspart expondr\u00e1 en la Convenci\u00f3n Internacional BIO, que tendr\u00e1 lugar en San Diego del 22 al 25 de junio de 2026.","robots":{"index":"index","follow":"follow","max-snippet":"max-snippet:-1","max-image-preview":"max-image-preview:large","max-video-preview":"max-video-preview:-1"},"canonical":"https:\/\/presspart.com\/es\/bio-international-convention-2026\/","og_locale":"es_ES","og_type":"article","og_title":"BIO International Convention 2026 - H&amp;T Presspart","og_description":"H&T Presspart expondr\u00e1 en la Convenci\u00f3n Internacional BIO, que tendr\u00e1 lugar en San Diego del 22 al 25 de junio de 2026.","og_url":"https:\/\/presspart.com\/es\/bio-international-convention-2026\/","og_site_name":"H&amp;T Presspart","article_published_time":"2026-04-29T08:30:08+00:00","article_modified_time":"2026-04-29T08:37:11+00:00","og_image":[{"width":675,"height":542,"url":"https:\/\/presspart.com\/wp-content\/uploads\/2026\/04\/image.jpg","type":"image\/jpeg"}],"author":"presspart","twitter_card":"summary_large_image","twitter_misc":{"Escrito por":"presspart","Tiempo de lectura":"2 minutos"},"schema":{"@context":"https:\/\/schema.org","@graph":[{"@type":"Article","@id":"https:\/\/presspart.com\/es\/bio-international-convention-2026\/#article","isPartOf":{"@id":"https:\/\/presspart.com\/es\/bio-international-convention-2026\/"},"author":{"name":"presspart","@id":"https:\/\/presspart.com\/es\/#\/schema\/person\/ea6faba4b50e03fce829becbe473e66f"},"headline":"BIO International Convention 2026","datePublished":"2026-04-29T08:30:08+00:00","dateModified":"2026-04-29T08:37:11+00:00","mainEntityOfPage":{"@id":"https:\/\/presspart.com\/es\/bio-international-convention-2026\/"},"wordCount":334,"image":{"@id":"https:\/\/presspart.com\/es\/bio-international-convention-2026\/#primaryimage"},"thumbnailUrl":"https:\/\/presspart.com\/wp-content\/uploads\/2026\/04\/image.jpg","articleSection":["Eventos"],"inLanguage":"es"},{"@type":"WebPage","@id":"https:\/\/presspart.com\/es\/bio-international-convention-2026\/","url":"https:\/\/presspart.com\/es\/bio-international-convention-2026\/","name":"BIO International Convention 2026 - H&amp;T Presspart","isPartOf":{"@id":"https:\/\/presspart.com\/es\/#website"},"primaryImageOfPage":{"@id":"https:\/\/presspart.com\/es\/bio-international-convention-2026\/#primaryimage"},"image":{"@id":"https:\/\/presspart.com\/es\/bio-international-convention-2026\/#primaryimage"},"thumbnailUrl":"https:\/\/presspart.com\/wp-content\/uploads\/2026\/04\/image.jpg","datePublished":"2026-04-29T08:30:08+00:00","dateModified":"2026-04-29T08:37:11+00:00","author":{"@id":"https:\/\/presspart.com\/es\/#\/schema\/person\/ea6faba4b50e03fce829becbe473e66f"},"description":"H&T Presspart expondr\u00e1 en la Convenci\u00f3n Internacional BIO, que tendr\u00e1 lugar en San Diego del 22 al 25 de junio de 2026.","breadcrumb":{"@id":"https:\/\/presspart.com\/es\/bio-international-convention-2026\/#breadcrumb"},"inLanguage":"es","potentialAction":[{"@type":"ReadAction","target":["https:\/\/presspart.com\/es\/bio-international-convention-2026\/"]}]},{"@type":"ImageObject","inLanguage":"es","@id":"https:\/\/presspart.com\/es\/bio-international-convention-2026\/#primaryimage","url":"https:\/\/presspart.com\/wp-content\/uploads\/2026\/04\/image.jpg","contentUrl":"https:\/\/presspart.com\/wp-content\/uploads\/2026\/04\/image.jpg"},{"@type":"BreadcrumbList","@id":"https:\/\/presspart.com\/es\/bio-international-convention-2026\/#breadcrumb","itemListElement":[{"@type":"ListItem","position":1,"name":"Home","item":"https:\/\/presspart.com\/es\/"},{"@type":"ListItem","position":2,"name":"BIO International Convention 2026"}]},{"@type":"WebSite","@id":"https:\/\/presspart.com\/es\/#website","url":"https:\/\/presspart.com\/es\/","name":"H&amp;T Presspart","description":"","potentialAction":[{"@type":"SearchAction","target":{"@type":"EntryPoint","urlTemplate":"https:\/\/presspart.com\/es\/?s={search_term_string}"},"query-input":{"@type":"PropertyValueSpecification","valueRequired":true,"valueName":"search_term_string"}}],"inLanguage":"es"},{"@type":"Person","@id":"https:\/\/presspart.com\/es\/#\/schema\/person\/ea6faba4b50e03fce829becbe473e66f","name":"presspart","image":{"@type":"ImageObject","inLanguage":"es","@id":"https:\/\/presspart.com\/es\/#\/schema\/person\/image\/","url":"https:\/\/secure.gravatar.com\/avatar\/f132ba1b1a5a3d6f3cb6529cef071eedff6082ffed6f37fb7fbbf8dde5dedb6e?s=96&d=mm&r=g","contentUrl":"https:\/\/secure.gravatar.com\/avatar\/f132ba1b1a5a3d6f3cb6529cef071eedff6082ffed6f37fb7fbbf8dde5dedb6e?s=96&d=mm&r=g","caption":"presspart"},"sameAs":["http:\/\/presspart.local"],"url":"https:\/\/presspart.com\/es\/author\/presspart\/"}]}},"_links":{"self":[{"href":"https:\/\/presspart.com\/es\/wp-json\/wp\/v2\/posts\/7765","targetHints":{"allow":["GET"]}}],"collection":[{"href":"https:\/\/presspart.com\/es\/wp-json\/wp\/v2\/posts"}],"about":[{"href":"https:\/\/presspart.com\/es\/wp-json\/wp\/v2\/types\/post"}],"author":[{"embeddable":true,"href":"https:\/\/presspart.com\/es\/wp-json\/wp\/v2\/users\/1"}],"replies":[{"embeddable":true,"href":"https:\/\/presspart.com\/es\/wp-json\/wp\/v2\/comments?post=7765"}],"version-history":[{"count":1,"href":"https:\/\/presspart.com\/es\/wp-json\/wp\/v2\/posts\/7765\/revisions"}],"predecessor-version":[{"id":7766,"href":"https:\/\/presspart.com\/es\/wp-json\/wp\/v2\/posts\/7765\/revisions\/7766"}],"wp:attachment":[{"href":"https:\/\/presspart.com\/es\/wp-json\/wp\/v2\/media?parent=7765"}],"wp:term":[{"taxonomy":"category","embeddable":true,"href":"https:\/\/presspart.com\/es\/wp-json\/wp\/v2\/categories?post=7765"},{"taxonomy":"post_tag","embeddable":true,"href":"https:\/\/presspart.com\/es\/wp-json\/wp\/v2\/tags?post=7765"}],"curies":[{"name":"wp","href":"https:\/\/api.w.org\/{rel}","templated":true}]}}